{"id":1314,"date":"2023-06-23T00:09:02","date_gmt":"2023-06-22T22:09:02","guid":{"rendered":"https:\/\/deibardiart.pdgm.fr\/decorative-art\/tete-de-vierge-couronnee-2\/"},"modified":"2023-07-27T15:57:31","modified_gmt":"2023-07-27T13:57:31","slug":"tete-de-vierge-couronnee-2","status":"publish","type":"post","link":"https:\/\/deibardiart.com\/en\/sculpture-en\/tete-de-vierge-couronnee-2\/","title":{"rendered":"T\u00eate de Vierge couronn\u00e9e"},"content":{"rendered":"\n<p>Sculpt\u00e9e en ronde-bosse, polychrom\u00e9e et dor\u00e9e<\/p>\n\n\n\n<p>Provenance :<\/p>\n\n\n\n<ul class=\"wp-block-list\">\n<li>Collection priv\u00e9e Toscane (Italie) depuis les ann\u00e9es \u201980<\/li>\n\n\n\n<li>Collection priv\u00e9e Paris (France) depuis les ann\u00e9es \u201960<\/li>\n<\/ul>\n\n\n\n<p>Beau visage aux traits fins avec yeux en amande aux paupi\u00e8res sup\u00e9rieures&nbsp; finement ourl\u00e9es, long nez droit, bouche aux l\u00e8vres fines avec la sup\u00e9rieure pro\u00e9minente; petit menton rond, cou fort.&nbsp;<\/p>\n\n\n\n<figure class=\"wp-block-image size-large\"><img fetchpriority=\"high\" decoding=\"async\" width=\"794\" height=\"1024\" src=\"https:\/\/deibardiart.com\/wp-content\/uploads\/2023\/06\/Louvre-RFR-48-794x1024.jpeg\" alt=\"\" class=\"wp-image-1161\" srcset=\"https:\/\/deibardiart.com\/wp-content\/uploads\/2023\/06\/Louvre-RFR-48-794x1024.jpeg 794w, https:\/\/deibardiart.com\/wp-content\/uploads\/2023\/06\/Louvre-RFR-48-233x300.jpeg 233w, https:\/\/deibardiart.com\/wp-content\/uploads\/2023\/06\/Louvre-RFR-48-768x991.jpeg 768w, https:\/\/deibardiart.com\/wp-content\/uploads\/2023\/06\/Louvre-RFR-48-1190x1536.jpeg 1190w, https:\/\/deibardiart.com\/wp-content\/uploads\/2023\/06\/Louvre-RFR-48.jpeg 1254w\" sizes=\"(max-width: 794px) 100vw, 794px\" \/><figcaption class=\"wp-element-caption\">T\u00eate de Vierge en pierre calcaire, d\u00e9but du XIV si\u00e8cle, Lorraine, Mus\u00e9e du Louvre, Paris (rfr 48)<\/figcaption><\/figure>\n\n\n\n<p>Le visage l\u00e9g\u00e8rement inclin\u00e9 et les yeux baiss\u00e9s vers la droite, cette \u00e9l\u00e9gante t\u00eate de Vierge arbore une couronne \u00e0 fleurons sertie de pierres pr\u00e9cieuses pos\u00e9e sur un voile court recouvrant en partie la chevelure ondul\u00e9e.&nbsp; &nbsp;<\/p>\n\n\n\n<p>L\u2019inclinaison de la t\u00eate indique que la Vierge portait dans ses bras l\u2019Enfant dont il croisait le regarde.&nbsp;<\/p>\n\n\n\n<p>La qualit\u00e9 de l\u2019execution, les traits finement dessin\u00e9s d\u00e9notent chez l\u2019imagier une suret\u00e9 de main peu commune.<\/p>\n\n\n\n<figure class=\"wp-block-image size-large\"><img decoding=\"async\" width=\"823\" height=\"1024\" src=\"https:\/\/deibardiart.com\/wp-content\/uploads\/2023\/06\/Musee-de-Cluny--823x1024.jpeg\" alt=\"\" class=\"wp-image-1163\" srcset=\"https:\/\/deibardiart.com\/wp-content\/uploads\/2023\/06\/Musee-de-Cluny--823x1024.jpeg 823w, https:\/\/deibardiart.com\/wp-content\/uploads\/2023\/06\/Musee-de-Cluny--241x300.jpeg 241w, https:\/\/deibardiart.com\/wp-content\/uploads\/2023\/06\/Musee-de-Cluny--768x956.jpeg 768w, https:\/\/deibardiart.com\/wp-content\/uploads\/2023\/06\/Musee-de-Cluny-.jpeg 1046w\" sizes=\"(max-width: 823px) 100vw, 823px\" \/><figcaption class=\"wp-element-caption\">Vierge \u00e0 l\u2019Enfant en pierre calcaire , Lorraine, d\u00e9but du XIV si\u00e8cle, Mus\u00e9e de Cluny, Paris<\/figcaption><\/figure>\n\n\n\n<p>La d\u00e9coupe en \u00ab&nbsp;\u00e9cu&nbsp;\u00bb du visage encadr\u00e9e par une chevelure ondul\u00e9e et les yeux en&nbsp; amande sont des traits caract\u00e9ristiques des Vierges lorraines de la premi\u00e8re moiti\u00e9 du XIV si\u00e8cle. Les artistes du nord-est de la France reprennent le type \u00e9labor\u00e9 en Ile-de-France et y ajoutent des sp\u00e9cificit\u00e9s locales comme par exemple la presence du voile court, le visage aplati et expressif, le cou fort&nbsp; et l\u2019attitude songeuse et grave.<\/p>\n\n\n\n<p>On peut rapprocher cette sculpture d\u2019une Vierge \u00e0 l\u2019Enfant r\u00e9alis\u00e9e en lorraine durant la premier moiti\u00e9 du XIV si\u00e8cle, conserv\u00e9e au Metropolitan Museum de New York.&nbsp;<\/p>\n\n\n\n<figure class=\"wp-block-image size-large\"><img decoding=\"async\" width=\"472\" height=\"1024\" src=\"https:\/\/deibardiart.com\/wp-content\/uploads\/2023\/06\/17.120.256-Metropolitan-museum-New-York--472x1024.jpeg\" alt=\"\" class=\"wp-image-1165\" srcset=\"https:\/\/deibardiart.com\/wp-content\/uploads\/2023\/06\/17.120.256-Metropolitan-museum-New-York--472x1024.jpeg 472w, https:\/\/deibardiart.com\/wp-content\/uploads\/2023\/06\/17.120.256-Metropolitan-museum-New-York--138x300.jpeg 138w, https:\/\/deibardiart.com\/wp-content\/uploads\/2023\/06\/17.120.256-Metropolitan-museum-New-York--768x1665.jpeg 768w, https:\/\/deibardiart.com\/wp-content\/uploads\/2023\/06\/17.120.256-Metropolitan-museum-New-York--708x1536.jpeg 708w, https:\/\/deibardiart.com\/wp-content\/uploads\/2023\/06\/17.120.256-Metropolitan-museum-New-York--945x2048.jpeg 945w, https:\/\/deibardiart.com\/wp-content\/uploads\/2023\/06\/17.120.256-Metropolitan-museum-New-York-.jpeg 1012w\" sizes=\"(max-width: 472px) 100vw, 472px\" \/><figcaption class=\"wp-element-caption\">Vierge \u00e0 l\u2019Enfant, Lorraine, d\u00e9but du XIV si\u00e8cle, Metropolitan Museum of Art , New York (17.120.256)<\/figcaption><\/figure>\n\n\n\n<p>La t\u00eate de Vierge fragmentaire expos\u00e9e au Mus\u00e9e du Louvre, bien que frontale, pr\u00e9sente des affinit\u00e9s \u00e9videntes avec notre t\u00eate : la couronne orn\u00e9e de cabochons et se terminant en fleurons retient un voile court dont les plies aplaties encadrent une chevelure aux m\u00e8ches fortement ondul\u00e9e. La forme du visage, l\u00e9g\u00e8rement triangulaire,&nbsp; et le cou prononc\u00e9 semblent aussi rapprocher les deux oeuvres.&nbsp;<\/p>\n\n\n\n<p>Cette t\u00eate de Vierge est remarquable par la conservation de sa polychromie d\u2019origine, avec son rose soutenu aux&nbsp; joue rougissantes et sa chevelure dor\u00e9e, ainsi que par la qualit\u00e9 de l\u2019execution et la suavit\u00e9 des traits.&nbsp;<\/p>\n\n\n\n<div style=\"height:100px\" aria-hidden=\"true\" class=\"wp-block-spacer\"><\/div>\n\n\n\n<p>Bibliographie :&nbsp;<\/p>\n\n\n\n<ul class=\"wp-block-list\">\n<li>M. Aubert, Description raisonn\u00e9e des sculptures du Moyen \u00c2ge, de la Renaissance et temps Modernes, T. I, Mus\u00e9e du Louvre, Paris, 1950 ;<\/li>\n\n\n\n<li>F. Baron, Sculpture Fran\u00e7aise, I. Moyen \u00c2ge, cat. exp. Mus\u00e9e du Louvre, Paris, 1996, pp. 131-132 ;<\/li>\n\n\n\n<li>J. Boccador, E. Bresset, Statuaire m\u00e9di\u00e9vale de collection, T.II, Paris, 1972&nbsp;<\/li>\n\n\n\n<li>J. A. Schmoll gen. Eisenwerth, Die Lothringische Skulptur des 14. Jahrhunderts, Petersberg, 2005, cat. 133, 141 et 164.&nbsp;<\/li>\n\n\n\n<li>Forsyth William H, Medieval Statues of the Virgin in Lorraine Related oil type to the Saint-Di\u00e9 Virgin. \u00ab&nbsp;Metropolitan Museum of Art Studies 5, no. 2 (September 1936)<\/li>\n\n\n\n<li>D. Gaborit-Chopin, L&#8217;Art au Temps des Rois Maudits, Paris, 1998, p. 122<\/li>\n\n\n\n<li>Middeldorf Ulrich, Sculptures from the Samuel H. Kress Collection: European schools, XIV-XIX century. London: Phaidon Press, 1976 p. 88<\/li>\n\n\n\n<li>Wixom William D., \u00ab&nbsp;A Gothic Madonna from Lorraine&nbsp;\u00bb The bulletin of the Cleveland Museum of Art 61, no. 10 (December 1974)<\/li>\n<\/ul>\n","protected":false},"excerpt":{"rendered":"<p>Sculpt\u00e9e en ronde-bosse, polychrom\u00e9e et dor\u00e9e Provenance : Beau visage aux traits fins avec yeux en amande aux paupi\u00e8res sup\u00e9rieures&nbsp; finement ourl\u00e9es, long nez droit, bouche aux l\u00e8vres fines avec la sup\u00e9rieure pro\u00e9minente; petit menton rond, cou fort.&nbsp; Le visage l\u00e9g\u00e8rement inclin\u00e9 et les yeux baiss\u00e9s vers la droite, cette \u00e9l\u00e9gante t\u00eate de Vierge arbore [&hellip;]<\/p>\n","protected":false},"author":2,"featured_media":1153,"comment_status":"closed","ping_status":"closed","sticky":false,"template":"","format":"standard","meta":{"footnotes":""},"categories":[26],"class_list":["post-1314","post","type-post","status-publish","format-standard","has-post-thumbnail","hentry","category-sculpture-en"],"yoast_head":"<!-- This site is optimized with the Yoast SEO plugin v23.1 - https:\/\/yoast.com\/wordpress\/plugins\/seo\/ -->\n<title>T\u00eate de Vierge couronn\u00e9e - Dei Bardi Art<\/title>\n<meta name=\"robots\" content=\"index, follow, max-snippet:-1, max-image-preview:large, max-video-preview:-1\" \/>\n<link rel=\"canonical\" href=\"https:\/\/deibardiart.com\/en\/sculpture-en\/tete-de-vierge-couronnee-2\/\" \/>\n<meta property=\"og:locale\" content=\"en_US\" \/>\n<meta property=\"og:type\" content=\"article\" \/>\n<meta property=\"og:title\" content=\"T\u00eate de Vierge couronn\u00e9e - Dei Bardi Art\" \/>\n<meta property=\"og:description\" content=\"Sculpt\u00e9e en ronde-bosse, polychrom\u00e9e et dor\u00e9e Provenance : Beau visage aux traits fins avec yeux en amande aux paupi\u00e8res sup\u00e9rieures&nbsp; finement ourl\u00e9es, long nez droit, bouche aux l\u00e8vres fines avec la sup\u00e9rieure pro\u00e9minente; petit menton rond, cou fort.&nbsp; Le visage l\u00e9g\u00e8rement inclin\u00e9 et les yeux baiss\u00e9s vers la droite, cette \u00e9l\u00e9gante t\u00eate de Vierge arbore [&hellip;]\" \/>\n<meta property=\"og:url\" content=\"https:\/\/deibardiart.com\/en\/sculpture-en\/tete-de-vierge-couronnee-2\/\" \/>\n<meta property=\"og:site_name\" content=\"Dei Bardi Art\" \/>\n<meta property=\"article:publisher\" content=\"https:\/\/www.facebook.com\/deibardiartbruxelles\/\" \/>\n<meta property=\"article:published_time\" content=\"2023-06-22T22:09:02+00:00\" \/>\n<meta property=\"article:modified_time\" content=\"2023-07-27T13:57:31+00:00\" \/>\n<meta property=\"og:image\" content=\"https:\/\/deibardiart.com\/wp-content\/uploads\/2023\/06\/tete-vierge-1.jpg\" \/>\n\t<meta property=\"og:image:width\" content=\"1240\" \/>\n\t<meta property=\"og:image:height\" content=\"1771\" \/>\n\t<meta property=\"og:image:type\" content=\"image\/jpeg\" \/>\n<meta name=\"author\" content=\"deibardi\" \/>\n<meta name=\"twitter:card\" content=\"summary_large_image\" \/>\n<meta name=\"twitter:label1\" content=\"Written by\" \/>\n\t<meta name=\"twitter:data1\" content=\"deibardi\" \/>\n\t<meta name=\"twitter:label2\" content=\"Est. reading time\" \/>\n\t<meta name=\"twitter:data2\" content=\"4 minutes\" \/>\n<script type=\"application\/ld+json\" class=\"yoast-schema-graph\">{\"@context\":\"https:\/\/schema.org\",\"@graph\":[{\"@type\":\"Article\",\"@id\":\"https:\/\/deibardiart.com\/en\/sculpture-en\/tete-de-vierge-couronnee-2\/#article\",\"isPartOf\":{\"@id\":\"https:\/\/deibardiart.com\/en\/sculpture-en\/tete-de-vierge-couronnee-2\/\"},\"author\":{\"name\":\"deibardi\",\"@id\":\"https:\/\/deibardiart.com\/en\/#\/schema\/person\/21bf9eeee3f56aec0be1ce49a09bacd2\"},\"headline\":\"T\u00eate de Vierge couronn\u00e9e\",\"datePublished\":\"2023-06-22T22:09:02+00:00\",\"dateModified\":\"2023-07-27T13:57:31+00:00\",\"mainEntityOfPage\":{\"@id\":\"https:\/\/deibardiart.com\/en\/sculpture-en\/tete-de-vierge-couronnee-2\/\"},\"wordCount\":587,\"publisher\":{\"@id\":\"https:\/\/deibardiart.com\/en\/#organization\"},\"image\":{\"@id\":\"https:\/\/deibardiart.com\/en\/sculpture-en\/tete-de-vierge-couronnee-2\/#primaryimage\"},\"thumbnailUrl\":\"https:\/\/deibardiart.com\/wp-content\/uploads\/2023\/06\/tete-vierge-1.jpg\",\"articleSection\":[\"Sculpture\"],\"inLanguage\":\"en-US\"},{\"@type\":\"WebPage\",\"@id\":\"https:\/\/deibardiart.com\/en\/sculpture-en\/tete-de-vierge-couronnee-2\/\",\"url\":\"https:\/\/deibardiart.com\/en\/sculpture-en\/tete-de-vierge-couronnee-2\/\",\"name\":\"T\u00eate de Vierge couronn\u00e9e - Dei Bardi Art\",\"isPartOf\":{\"@id\":\"https:\/\/deibardiart.com\/en\/#website\"},\"primaryImageOfPage\":{\"@id\":\"https:\/\/deibardiart.com\/en\/sculpture-en\/tete-de-vierge-couronnee-2\/#primaryimage\"},\"image\":{\"@id\":\"https:\/\/deibardiart.com\/en\/sculpture-en\/tete-de-vierge-couronnee-2\/#primaryimage\"},\"thumbnailUrl\":\"https:\/\/deibardiart.com\/wp-content\/uploads\/2023\/06\/tete-vierge-1.jpg\",\"datePublished\":\"2023-06-22T22:09:02+00:00\",\"dateModified\":\"2023-07-27T13:57:31+00:00\",\"breadcrumb\":{\"@id\":\"https:\/\/deibardiart.com\/en\/sculpture-en\/tete-de-vierge-couronnee-2\/#breadcrumb\"},\"inLanguage\":\"en-US\",\"potentialAction\":[{\"@type\":\"ReadAction\",\"target\":[\"https:\/\/deibardiart.com\/en\/sculpture-en\/tete-de-vierge-couronnee-2\/\"]}]},{\"@type\":\"ImageObject\",\"inLanguage\":\"en-US\",\"@id\":\"https:\/\/deibardiart.com\/en\/sculpture-en\/tete-de-vierge-couronnee-2\/#primaryimage\",\"url\":\"https:\/\/deibardiart.com\/wp-content\/uploads\/2023\/06\/tete-vierge-1.jpg\",\"contentUrl\":\"https:\/\/deibardiart.com\/wp-content\/uploads\/2023\/06\/tete-vierge-1.jpg\",\"width\":1240,\"height\":1771},{\"@type\":\"BreadcrumbList\",\"@id\":\"https:\/\/deibardiart.com\/en\/sculpture-en\/tete-de-vierge-couronnee-2\/#breadcrumb\",\"itemListElement\":[{\"@type\":\"ListItem\",\"position\":1,\"name\":\"Accueil\",\"item\":\"https:\/\/deibardiart.com\/en\/\"},{\"@type\":\"ListItem\",\"position\":2,\"name\":\"T\u00eate de Vierge couronn\u00e9e\"}]},{\"@type\":\"WebSite\",\"@id\":\"https:\/\/deibardiart.com\/en\/#website\",\"url\":\"https:\/\/deibardiart.com\/en\/\",\"name\":\"Dei Bardi Art\",\"description\":\"Sculptures et objets d&#039;art Haute Epoque et Renaissance\",\"publisher\":{\"@id\":\"https:\/\/deibardiart.com\/en\/#organization\"},\"potentialAction\":[{\"@type\":\"SearchAction\",\"target\":{\"@type\":\"EntryPoint\",\"urlTemplate\":\"https:\/\/deibardiart.com\/en\/?s={search_term_string}\"},\"query-input\":\"required name=search_term_string\"}],\"inLanguage\":\"en-US\"},{\"@type\":\"Organization\",\"@id\":\"https:\/\/deibardiart.com\/en\/#organization\",\"name\":\"Dei Bardi Art\",\"url\":\"https:\/\/deibardiart.com\/en\/\",\"logo\":{\"@type\":\"ImageObject\",\"inLanguage\":\"en-US\",\"@id\":\"https:\/\/deibardiart.com\/en\/#\/schema\/logo\/image\/\",\"url\":\"https:\/\/deibardiart.com\/wp-content\/uploads\/2023\/06\/favicon.png\",\"contentUrl\":\"https:\/\/deibardiart.com\/wp-content\/uploads\/2023\/06\/favicon.png\",\"width\":512,\"height\":512,\"caption\":\"Dei Bardi Art\"},\"image\":{\"@id\":\"https:\/\/deibardiart.com\/en\/#\/schema\/logo\/image\/\"},\"sameAs\":[\"https:\/\/www.facebook.com\/deibardiartbruxelles\/\",\"https:\/\/www.instagram.com\/deibardiart\/\"]},{\"@type\":\"Person\",\"@id\":\"https:\/\/deibardiart.com\/en\/#\/schema\/person\/21bf9eeee3f56aec0be1ce49a09bacd2\",\"name\":\"deibardi\",\"image\":{\"@type\":\"ImageObject\",\"inLanguage\":\"en-US\",\"@id\":\"https:\/\/deibardiart.com\/en\/#\/schema\/person\/image\/\",\"url\":\"https:\/\/secure.gravatar.com\/avatar\/db747b90be7b1db8b9e16df8b7eac5735931b615eb97c2342416214d12f70be9?s=96&d=mm&r=g\",\"contentUrl\":\"https:\/\/secure.gravatar.com\/avatar\/db747b90be7b1db8b9e16df8b7eac5735931b615eb97c2342416214d12f70be9?s=96&d=mm&r=g\",\"caption\":\"deibardi\"}}]}<\/script>\n<!-- \/ Yoast SEO plugin. -->","yoast_head_json":{"title":"T\u00eate de Vierge couronn\u00e9e - Dei Bardi Art","robots":{"index":"index","follow":"follow","max-snippet":"max-snippet:-1","max-image-preview":"max-image-preview:large","max-video-preview":"max-video-preview:-1"},"canonical":"https:\/\/deibardiart.com\/en\/sculpture-en\/tete-de-vierge-couronnee-2\/","og_locale":"en_US","og_type":"article","og_title":"T\u00eate de Vierge couronn\u00e9e - Dei Bardi Art","og_description":"Sculpt\u00e9e en ronde-bosse, polychrom\u00e9e et dor\u00e9e Provenance : Beau visage aux traits fins avec yeux en amande aux paupi\u00e8res sup\u00e9rieures&nbsp; finement ourl\u00e9es, long nez droit, bouche aux l\u00e8vres fines avec la sup\u00e9rieure pro\u00e9minente; petit menton rond, cou fort.&nbsp; Le visage l\u00e9g\u00e8rement inclin\u00e9 et les yeux baiss\u00e9s vers la droite, cette \u00e9l\u00e9gante t\u00eate de Vierge arbore [&hellip;]","og_url":"https:\/\/deibardiart.com\/en\/sculpture-en\/tete-de-vierge-couronnee-2\/","og_site_name":"Dei Bardi Art","article_publisher":"https:\/\/www.facebook.com\/deibardiartbruxelles\/","article_published_time":"2023-06-22T22:09:02+00:00","article_modified_time":"2023-07-27T13:57:31+00:00","og_image":[{"width":1240,"height":1771,"url":"https:\/\/deibardiart.com\/wp-content\/uploads\/2023\/06\/tete-vierge-1.jpg","type":"image\/jpeg"}],"author":"deibardi","twitter_card":"summary_large_image","twitter_misc":{"Written by":"deibardi","Est. reading time":"4 minutes"},"schema":{"@context":"https:\/\/schema.org","@graph":[{"@type":"Article","@id":"https:\/\/deibardiart.com\/en\/sculpture-en\/tete-de-vierge-couronnee-2\/#article","isPartOf":{"@id":"https:\/\/deibardiart.com\/en\/sculpture-en\/tete-de-vierge-couronnee-2\/"},"author":{"name":"deibardi","@id":"https:\/\/deibardiart.com\/en\/#\/schema\/person\/21bf9eeee3f56aec0be1ce49a09bacd2"},"headline":"T\u00eate de Vierge couronn\u00e9e","datePublished":"2023-06-22T22:09:02+00:00","dateModified":"2023-07-27T13:57:31+00:00","mainEntityOfPage":{"@id":"https:\/\/deibardiart.com\/en\/sculpture-en\/tete-de-vierge-couronnee-2\/"},"wordCount":587,"publisher":{"@id":"https:\/\/deibardiart.com\/en\/#organization"},"image":{"@id":"https:\/\/deibardiart.com\/en\/sculpture-en\/tete-de-vierge-couronnee-2\/#primaryimage"},"thumbnailUrl":"https:\/\/deibardiart.com\/wp-content\/uploads\/2023\/06\/tete-vierge-1.jpg","articleSection":["Sculpture"],"inLanguage":"en-US"},{"@type":"WebPage","@id":"https:\/\/deibardiart.com\/en\/sculpture-en\/tete-de-vierge-couronnee-2\/","url":"https:\/\/deibardiart.com\/en\/sculpture-en\/tete-de-vierge-couronnee-2\/","name":"T\u00eate de Vierge couronn\u00e9e - Dei Bardi Art","isPartOf":{"@id":"https:\/\/deibardiart.com\/en\/#website"},"primaryImageOfPage":{"@id":"https:\/\/deibardiart.com\/en\/sculpture-en\/tete-de-vierge-couronnee-2\/#primaryimage"},"image":{"@id":"https:\/\/deibardiart.com\/en\/sculpture-en\/tete-de-vierge-couronnee-2\/#primaryimage"},"thumbnailUrl":"https:\/\/deibardiart.com\/wp-content\/uploads\/2023\/06\/tete-vierge-1.jpg","datePublished":"2023-06-22T22:09:02+00:00","dateModified":"2023-07-27T13:57:31+00:00","breadcrumb":{"@id":"https:\/\/deibardiart.com\/en\/sculpture-en\/tete-de-vierge-couronnee-2\/#breadcrumb"},"inLanguage":"en-US","potentialAction":[{"@type":"ReadAction","target":["https:\/\/deibardiart.com\/en\/sculpture-en\/tete-de-vierge-couronnee-2\/"]}]},{"@type":"ImageObject","inLanguage":"en-US","@id":"https:\/\/deibardiart.com\/en\/sculpture-en\/tete-de-vierge-couronnee-2\/#primaryimage","url":"https:\/\/deibardiart.com\/wp-content\/uploads\/2023\/06\/tete-vierge-1.jpg","contentUrl":"https:\/\/deibardiart.com\/wp-content\/uploads\/2023\/06\/tete-vierge-1.jpg","width":1240,"height":1771},{"@type":"BreadcrumbList","@id":"https:\/\/deibardiart.com\/en\/sculpture-en\/tete-de-vierge-couronnee-2\/#breadcrumb","itemListElement":[{"@type":"ListItem","position":1,"name":"Accueil","item":"https:\/\/deibardiart.com\/en\/"},{"@type":"ListItem","position":2,"name":"T\u00eate de Vierge couronn\u00e9e"}]},{"@type":"WebSite","@id":"https:\/\/deibardiart.com\/en\/#website","url":"https:\/\/deibardiart.com\/en\/","name":"Dei Bardi Art","description":"Sculptures et objets d&#039;art Haute Epoque et Renaissance","publisher":{"@id":"https:\/\/deibardiart.com\/en\/#organization"},"potentialAction":[{"@type":"SearchAction","target":{"@type":"EntryPoint","urlTemplate":"https:\/\/deibardiart.com\/en\/?s={search_term_string}"},"query-input":"required name=search_term_string"}],"inLanguage":"en-US"},{"@type":"Organization","@id":"https:\/\/deibardiart.com\/en\/#organization","name":"Dei Bardi Art","url":"https:\/\/deibardiart.com\/en\/","logo":{"@type":"ImageObject","inLanguage":"en-US","@id":"https:\/\/deibardiart.com\/en\/#\/schema\/logo\/image\/","url":"https:\/\/deibardiart.com\/wp-content\/uploads\/2023\/06\/favicon.png","contentUrl":"https:\/\/deibardiart.com\/wp-content\/uploads\/2023\/06\/favicon.png","width":512,"height":512,"caption":"Dei Bardi Art"},"image":{"@id":"https:\/\/deibardiart.com\/en\/#\/schema\/logo\/image\/"},"sameAs":["https:\/\/www.facebook.com\/deibardiartbruxelles\/","https:\/\/www.instagram.com\/deibardiart\/"]},{"@type":"Person","@id":"https:\/\/deibardiart.com\/en\/#\/schema\/person\/21bf9eeee3f56aec0be1ce49a09bacd2","name":"deibardi","image":{"@type":"ImageObject","inLanguage":"en-US","@id":"https:\/\/deibardiart.com\/en\/#\/schema\/person\/image\/","url":"https:\/\/secure.gravatar.com\/avatar\/db747b90be7b1db8b9e16df8b7eac5735931b615eb97c2342416214d12f70be9?s=96&d=mm&r=g","contentUrl":"https:\/\/secure.gravatar.com\/avatar\/db747b90be7b1db8b9e16df8b7eac5735931b615eb97c2342416214d12f70be9?s=96&d=mm&r=g","caption":"deibardi"}}]}},"_links":{"self":[{"href":"https:\/\/deibardiart.com\/en\/wp-json\/wp\/v2\/posts\/1314","targetHints":{"allow":["GET"]}}],"collection":[{"href":"https:\/\/deibardiart.com\/en\/wp-json\/wp\/v2\/posts"}],"about":[{"href":"https:\/\/deibardiart.com\/en\/wp-json\/wp\/v2\/types\/post"}],"author":[{"embeddable":true,"href":"https:\/\/deibardiart.com\/en\/wp-json\/wp\/v2\/users\/2"}],"replies":[{"embeddable":true,"href":"https:\/\/deibardiart.com\/en\/wp-json\/wp\/v2\/comments?post=1314"}],"version-history":[{"count":1,"href":"https:\/\/deibardiart.com\/en\/wp-json\/wp\/v2\/posts\/1314\/revisions"}],"predecessor-version":[{"id":1315,"href":"https:\/\/deibardiart.com\/en\/wp-json\/wp\/v2\/posts\/1314\/revisions\/1315"}],"wp:featuredmedia":[{"embeddable":true,"href":"https:\/\/deibardiart.com\/en\/wp-json\/wp\/v2\/media\/1153"}],"wp:attachment":[{"href":"https:\/\/deibardiart.com\/en\/wp-json\/wp\/v2\/media?parent=1314"}],"wp:term":[{"taxonomy":"category","embeddable":true,"href":"https:\/\/deibardiart.com\/en\/wp-json\/wp\/v2\/categories?post=1314"}],"curies":[{"name":"wp","href":"https:\/\/api.w.org\/{rel}","templated":true}]}}